{"id":4729,"date":"2022-10-20T13:34:03","date_gmt":"2022-10-20T13:34:03","guid":{"rendered":"https:\/\/bdih.spri.eus\/plataforma-de-genetica-genomica\/"},"modified":"2025-12-22T05:08:52","modified_gmt":"2025-12-22T05:08:52","slug":"plataforma-de-genetica-genomica","status":"publish","type":"post","link":"https:\/\/bdih.spri.eus\/es\/plataforma-de-genetica-genomica\/","title":{"rendered":"Plataforma de Gen\u00e9tica Gen\u00f3mica"},"content":{"rendered":"<p>La Plataforma de Gen\u00e9tica\/Gen\u00f3mica da servicio t\u00e9cnico\/cient\u00edfico, tanto a la investigaci\u00f3n como a la asistencia cl\u00ednica. Aplicamos t\u00e9cnicas tradicionales dentro de la Biolog\u00eda Molecular\/Gen\u00f3mica como es la secuenciaci\u00f3n sanger, an\u00e1lisis de fragmentos, estudio de variaciones en el n\u00famero de copias.<br \/>\nPara todas aquellas t\u00e9cnicas gen\u00e9ticas existe una certificaci\u00f3n externa; EQA-EMQN.<br \/>\nContamos con la Autorizaci\u00f3n como Centro Diagn\u00f3stico por el Dpto. de Salud del GV y somos centro de referencia en Euskadi como Laboratorio de Gen\u00e9tica para Diagn\u00f3stico Gen\u00e9tico Preimplantacional.<\/p>\n","protected":false},"excerpt":{"rendered":"<p>La Plataforma de Gen\u00e9tica\/Gen\u00f3mica da servicio t\u00e9cnico\/cient\u00edfico, tanto a la investigaci\u00f3n como a la asistencia cl\u00ednica. Aplicamos t\u00e9cnicas tradicionales dentro de la Biolog\u00eda Molecular\/Gen\u00f3mica como es la secuenciaci\u00f3n sanger, an\u00e1lisis de fragmentos, estudio de variaciones en el n\u00famero de copias. Para todas aquellas t\u00e9cnicas gen\u00e9ticas existe una certificaci\u00f3n externa; EQA-EMQN. Contamos con la Autorizaci\u00f3n como&hellip;<\/p>\n","protected":false},"author":1,"featured_media":4727,"comment_status":"closed","ping_status":"closed","sticky":false,"template":"","format":"standard","meta":{"_acf_changed":false,"footnotes":""},"class_list":["post-4729","post","type-post","status-publish","format-standard","has-post-thumbnail","hentry"],"acf":[],"_links":{"self":[{"href":"https:\/\/bdih.spri.eus\/es\/wp-json\/wp\/v2\/posts\/4729","targetHints":{"allow":["GET"]}}],"collection":[{"href":"https:\/\/bdih.spri.eus\/es\/wp-json\/wp\/v2\/posts"}],"about":[{"href":"https:\/\/bdih.spri.eus\/es\/wp-json\/wp\/v2\/types\/post"}],"author":[{"embeddable":true,"href":"https:\/\/bdih.spri.eus\/es\/wp-json\/wp\/v2\/users\/1"}],"replies":[{"embeddable":true,"href":"https:\/\/bdih.spri.eus\/es\/wp-json\/wp\/v2\/comments?post=4729"}],"version-history":[{"count":5,"href":"https:\/\/bdih.spri.eus\/es\/wp-json\/wp\/v2\/posts\/4729\/revisions"}],"predecessor-version":[{"id":9528,"href":"https:\/\/bdih.spri.eus\/es\/wp-json\/wp\/v2\/posts\/4729\/revisions\/9528"}],"wp:featuredmedia":[{"embeddable":true,"href":"https:\/\/bdih.spri.eus\/es\/wp-json\/wp\/v2\/media\/4727"}],"wp:attachment":[{"href":"https:\/\/bdih.spri.eus\/es\/wp-json\/wp\/v2\/media?parent=4729"}],"curies":[{"name":"wp","href":"https:\/\/api.w.org\/{rel}","templated":true}]}}