{"id":5945,"date":"2023-06-22T02:02:09","date_gmt":"2023-06-22T02:02:09","guid":{"rendered":"https:\/\/bdih.spri.eus\/altzairuen-diseinua-eta-karakterizazioa\/"},"modified":"2025-08-01T16:55:09","modified_gmt":"2025-08-01T16:55:09","slug":"diseno-y-caracterizacion-de-aceros","status":"publish","type":"post","link":"https:\/\/bdih.spri.eus\/es\/diseno-y-caracterizacion-de-aceros\/","title":{"rendered":"Dise\u00f1o y caracterizaci\u00f3n de aceros"},"content":{"rendered":"<p>Activo especializado en el dise\u00f1o y caracterizaci\u00f3n de aceros de baja aleaci\u00f3n, incluidos los procesos de fabricaci\u00f3n de acero y las propiedades del producto en uso. Los servicios incluyen dise\u00f1o y fabricaci\u00f3n de coladas experimentales, determinaci\u00f3n de temperaturas de transformaci\u00f3n, diagramas CCT\/TTT, dise\u00f1o de tratamientos t\u00e9rmicos, evaluaci\u00f3n de propiedades de deformaci\u00f3n en caliente y en semicaliente, an\u00e1lisis de microestructura por SEM y LOM y ensayos de fatiga.<br \/>\nEquipo experto en procesos de acero (fabricaci\u00f3n de acero y procesos de transformaci\u00f3n aguas abajo) y propiedades a lo largo de la cadena de valor<\/p>\n","protected":false},"excerpt":{"rendered":"<p>Activo especializado en el dise\u00f1o y caracterizaci\u00f3n de aceros de baja aleaci\u00f3n, incluidos los procesos de fabricaci\u00f3n de acero y las propiedades del producto en uso. Los servicios incluyen dise\u00f1o y fabricaci\u00f3n de coladas experimentales, determinaci\u00f3n de temperaturas de transformaci\u00f3n, diagramas CCT\/TTT, dise\u00f1o de tratamientos t\u00e9rmicos, evaluaci\u00f3n de propiedades de deformaci\u00f3n en caliente y en&hellip;<\/p>\n","protected":false},"author":1,"featured_media":5947,"comment_status":"closed","ping_status":"closed","sticky":false,"template":"","format":"standard","meta":{"_acf_changed":false,"footnotes":""},"class_list":["post-5945","post","type-post","status-publish","format-standard","has-post-thumbnail","hentry"],"acf":[],"_links":{"self":[{"href":"https:\/\/bdih.spri.eus\/es\/wp-json\/wp\/v2\/posts\/5945","targetHints":{"allow":["GET"]}}],"collection":[{"href":"https:\/\/bdih.spri.eus\/es\/wp-json\/wp\/v2\/posts"}],"about":[{"href":"https:\/\/bdih.spri.eus\/es\/wp-json\/wp\/v2\/types\/post"}],"author":[{"embeddable":true,"href":"https:\/\/bdih.spri.eus\/es\/wp-json\/wp\/v2\/users\/1"}],"replies":[{"embeddable":true,"href":"https:\/\/bdih.spri.eus\/es\/wp-json\/wp\/v2\/comments?post=5945"}],"version-history":[{"count":1,"href":"https:\/\/bdih.spri.eus\/es\/wp-json\/wp\/v2\/posts\/5945\/revisions"}],"predecessor-version":[{"id":5946,"href":"https:\/\/bdih.spri.eus\/es\/wp-json\/wp\/v2\/posts\/5945\/revisions\/5946"}],"wp:featuredmedia":[{"embeddable":true,"href":"https:\/\/bdih.spri.eus\/es\/wp-json\/wp\/v2\/media\/5947"}],"wp:attachment":[{"href":"https:\/\/bdih.spri.eus\/es\/wp-json\/wp\/v2\/media?parent=5945"}],"curies":[{"name":"wp","href":"https:\/\/api.w.org\/{rel}","templated":true}]}}