{"id":6014,"date":"2023-09-29T02:02:27","date_gmt":"2023-09-29T02:02:27","guid":{"rendered":"https:\/\/bdih.spri.eus\/biomarkatzaileen-analisia-eta-modulazioa-konposatu-aktibo-zuzenduak-erabiliz\/"},"modified":"2025-08-01T16:55:06","modified_gmt":"2025-08-01T16:55:06","slug":"analisis-y-modulacion-de-biomarcadores-mediante-compuestos-activos-dirigidos","status":"publish","type":"post","link":"https:\/\/bdih.spri.eus\/es\/analisis-y-modulacion-de-biomarcadores-mediante-compuestos-activos-dirigidos\/","title":{"rendered":"An\u00e1lisis y modulaci\u00f3n de biomarcadores mediante compuestos activos dirigidos"},"content":{"rendered":"<p>Agrupa tecnolog\u00edas propias para el establecimiento de estrategias nutricionales adaptadas a las necesidades de la poblaci\u00f3n en base a estudios gen\u00e9ticos y de microbioma. Identificamos biomarcadores que mediante compuestos activos dirigidos puedan ser modulados para lograr la prevenci\u00f3n de enfermedades cr\u00f3nicas.<br \/>\n\u2022\tDiagn\u00f3stico gen\u00e9tico y de microbioma para establecer las necesidades nutricionales de distintas cohortes poblacionales.<br \/>\n\u2022\tPlataforma digital dirigida a la correlaci\u00f3n entre compuestos activos dirigidos y la modulaci\u00f3n de biomarcadores asociados al estado de salud.<\/p>\n","protected":false},"excerpt":{"rendered":"<p>Agrupa tecnolog\u00edas propias para el establecimiento de estrategias nutricionales adaptadas a las necesidades de la poblaci\u00f3n en base a estudios gen\u00e9ticos y de microbioma. Identificamos biomarcadores que mediante compuestos activos dirigidos puedan ser modulados para lograr la prevenci\u00f3n de enfermedades cr\u00f3nicas. \u2022 Diagn\u00f3stico gen\u00e9tico y de microbioma para establecer las necesidades nutricionales de distintas cohortes&hellip;<\/p>\n","protected":false},"author":1,"featured_media":0,"comment_status":"closed","ping_status":"closed","sticky":false,"template":"","format":"standard","meta":{"_acf_changed":false,"footnotes":""},"class_list":["post-6014","post","type-post","status-publish","format-standard","hentry"],"acf":[],"_links":{"self":[{"href":"https:\/\/bdih.spri.eus\/es\/wp-json\/wp\/v2\/posts\/6014","targetHints":{"allow":["GET"]}}],"collection":[{"href":"https:\/\/bdih.spri.eus\/es\/wp-json\/wp\/v2\/posts"}],"about":[{"href":"https:\/\/bdih.spri.eus\/es\/wp-json\/wp\/v2\/types\/post"}],"author":[{"embeddable":true,"href":"https:\/\/bdih.spri.eus\/es\/wp-json\/wp\/v2\/users\/1"}],"replies":[{"embeddable":true,"href":"https:\/\/bdih.spri.eus\/es\/wp-json\/wp\/v2\/comments?post=6014"}],"version-history":[{"count":3,"href":"https:\/\/bdih.spri.eus\/es\/wp-json\/wp\/v2\/posts\/6014\/revisions"}],"predecessor-version":[{"id":6021,"href":"https:\/\/bdih.spri.eus\/es\/wp-json\/wp\/v2\/posts\/6014\/revisions\/6021"}],"wp:attachment":[{"href":"https:\/\/bdih.spri.eus\/es\/wp-json\/wp\/v2\/media?parent=6014"}],"curies":[{"name":"wp","href":"https:\/\/api.w.org\/{rel}","templated":true}]}}